{"id":1584,"date":"2023-04-22T11:36:13","date_gmt":"2023-04-22T11:36:13","guid":{"rendered":"https:\/\/www.flamencoshow.madrid\/que-vestimenta-usar-para-bailar-flamenco-una-guia-con-estilo-para-una-noche-inolvidable\/"},"modified":"2026-01-21T17:36:48","modified_gmt":"2026-01-21T17:36:48","slug":"vestimenta-para-bailar-flamenco","status":"publish","type":"post","link":"https:\/\/www.flamencoshow.madrid\/es\/blogs\/vestimenta-para-bailar-flamenco\/","title":{"rendered":"vestimenta para bailar Flamenco"},"content":{"rendered":"\t\t<div data-elementor-type=\"wp-post\" data-elementor-id=\"1584\" class=\"elementor elementor-1584\" data-elementor-post-type=\"post\">\n\t\t\t\t\t\t<section class=\"elementor-section elementor-top-section elementor-element elementor-element-4db639b elementor-section-full_width elementor-section-height-default elementor-section-height-default\" data-id=\"4db639b\" data-element_type=\"section\" data-e-type=\"section\" data-settings=\"{&quot;background_background&quot;:&quot;classic&quot;}\">\n\t\t\t\t\t\t<div class=\"elementor-container elementor-column-gap-default\">\n\t\t\t\t\t<div class=\"elementor-column elementor-col-100 elementor-top-column elementor-element elementor-element-7514f43\" data-id=\"7514f43\" data-element_type=\"column\" data-e-type=\"column\">\n\t\t\t<div class=\"elementor-widget-wrap\">\n\t\t\t\t\t\t\t<\/div>\n\t\t<\/div>\n\t\t\t\t\t<\/div>\n\t\t<\/section>\n\t\t\t\t<section class=\"elementor-section elementor-top-section elementor-element elementor-element-03faf40 elementor-section-boxed elementor-section-height-default elementor-section-height-default\" data-id=\"03faf40\" data-element_type=\"section\" data-e-type=\"section\">\n\t\t\t\t\t\t<div class=\"elementor-container elementor-column-gap-default\">\n\t\t\t\t\t<div class=\"elementor-column elementor-col-100 elementor-top-column elementor-element elementor-element-0bed397\" data-id=\"0bed397\" data-element_type=\"column\" data-e-type=\"column\">\n\t\t\t<div class=\"elementor-widget-wrap elementor-element-populated\">\n\t\t\t\t\t\t<div class=\"elementor-element elementor-element-471d65a elementor-widget elementor-widget-heading\" data-id=\"471d65a\" data-element_type=\"widget\" data-e-type=\"widget\" data-widget_type=\"heading.default\">\n\t\t\t\t<div class=\"elementor-widget-container\">\n\t\t\t\t\t<h1 class=\"elementor-heading-title elementor-size-default\">Que vestimenta usar para bailar Flamenco 2026<\/h1>\t\t\t\t<\/div>\n\t\t\t\t<\/div>\n\t\t\t\t\t<\/div>\n\t\t<\/div>\n\t\t\t\t\t<\/div>\n\t\t<\/section>\n\t\t\t\t<section class=\"elementor-section elementor-top-section elementor-element elementor-element-5936f55 elementor-section-boxed elementor-section-height-default elementor-section-height-default\" data-id=\"5936f55\" data-element_type=\"section\" data-e-type=\"section\">\n\t\t\t\t\t\t<div class=\"elementor-container elementor-column-gap-default\">\n\t\t\t\t\t<div class=\"elementor-column elementor-col-100 elementor-top-column elementor-element elementor-element-e0ed07f\" data-id=\"e0ed07f\" data-element_type=\"column\" data-e-type=\"column\">\n\t\t\t<div class=\"elementor-widget-wrap elementor-element-populated\">\n\t\t\t\t\t\t<div class=\"elementor-element elementor-element-5702b02 elementor-widget elementor-widget-text-editor\" data-id=\"5702b02\" data-element_type=\"widget\" data-e-type=\"widget\" data-widget_type=\"text-editor.default\">\n\t\t\t\t<div class=\"elementor-widget-container\">\n\t\t\t\t\t\t\t\t\t<p>\u00a1A la hora de planificar la vestimenta a usar para bailar Flamenco, es imprescindible hacerlo adecuadamente! La pasi\u00f3n y la energ\u00eda de esta forma de arte tradicional espa\u00f1ola va de la mano con la vestimenta. Pero, \u00bfqu\u00e9 vestir para bailar flamenco? Esta gu\u00eda te ayudar\u00e1 a seleccionar el outfit perfecto para una noche inolvidable.<\/p>\t\t\t\t\t\t\t\t<\/div>\n\t\t\t\t<\/div>\n\t\t\t\t<div class=\"elementor-element elementor-element-b64fb07 elementor-widget elementor-widget-heading\" data-id=\"b64fb07\" data-element_type=\"widget\" data-e-type=\"widget\" data-widget_type=\"heading.default\">\n\t\t\t\t<div class=\"elementor-widget-container\">\n\t\t\t\t\t<h2 class=\"elementor-heading-title elementor-size-default\">Entendiendo la Vestimenta del Flamenco<\/h2>\t\t\t\t<\/div>\n\t\t\t\t<\/div>\n\t\t\t\t<div class=\"elementor-element elementor-element-1fa521a elementor-widget elementor-widget-text-editor\" data-id=\"1fa521a\" data-element_type=\"widget\" data-e-type=\"widget\" data-widget_type=\"text-editor.default\">\n\t\t\t\t<div class=\"elementor-widget-container\">\n\t\t\t\t\t\t\t\t\t<p>Antes de sumergirnos por completo en recomendaciones de vestimenta para bailar Flamenco, es esencial comprender el atuendo tradicional que usan los artistas. Esto te dar\u00e1 una idea completa del ambiente del evento y te ayudar\u00e1 a elegir el atuendo adecuado.<br \/>Los artistas flamencos suelen llevar ropa vibrante y colorida. Las mujeres suelen llevar un traje de flamenca, conocido como \u00abbata de cola\u00bb. Estos vestidos se caracterizan por sus volantes y estampados atrevidos, normalmente en una mezcla de colores vivos como el rojo, el verde y el negro. Los hombres, por otro lado, suelen usar trajes ajustados en negro u otros colores oscuros, con acentos como chaleco, faj\u00edn o chal bordado.<br \/>Los atuendos atrevidos y dram\u00e1ticos que usan los artistas est\u00e1n dise\u00f1ados para realzar sus movimientos. Son usados para mostrar la pasi\u00f3n y la intensidad de la danza.<\/p>\t\t\t\t\t\t\t\t<\/div>\n\t\t\t\t<\/div>\n\t\t\t\t\t<\/div>\n\t\t<\/div>\n\t\t\t\t\t<\/div>\n\t\t<\/section>\n\t\t\t\t<section class=\"elementor-section elementor-top-section elementor-element elementor-element-2e598d9 elementor-section-boxed elementor-section-height-default elementor-section-height-default\" data-id=\"2e598d9\" data-element_type=\"section\" data-e-type=\"section\">\n\t\t\t\t\t\t<div class=\"elementor-container elementor-column-gap-default\">\n\t\t\t\t\t<div class=\"elementor-column elementor-col-100 elementor-top-column elementor-element elementor-element-2ed341f\" data-id=\"2ed341f\" data-element_type=\"column\" data-e-type=\"column\">\n\t\t\t<div class=\"elementor-widget-wrap elementor-element-populated\">\n\t\t\t\t\t\t<div class=\"elementor-element elementor-element-6d53182 elementor-widget elementor-widget-heading\" data-id=\"6d53182\" data-element_type=\"widget\" data-e-type=\"widget\" data-widget_type=\"heading.default\">\n\t\t\t\t<div class=\"elementor-widget-container\">\n\t\t\t\t\t<h2 class=\"elementor-heading-title elementor-size-default\">Ropa para bailar Flamenco en 2026<\/h2>\t\t\t\t<\/div>\n\t\t\t\t<\/div>\n\t\t\t\t<div class=\"elementor-element elementor-element-b90448d elementor-widget elementor-widget-heading\" data-id=\"b90448d\" data-element_type=\"widget\" data-e-type=\"widget\" data-widget_type=\"heading.default\">\n\t\t\t\t<div class=\"elementor-widget-container\">\n\t\t\t\t\t<p class=\"elementor-heading-title elementor-size-default\">El outfit perfecto<\/p>\t\t\t\t<\/div>\n\t\t\t\t<\/div>\n\t\t\t\t<div class=\"elementor-element elementor-element-a655860 elementor-widget elementor-widget-text-editor\" data-id=\"a655860\" data-element_type=\"widget\" data-e-type=\"widget\" data-widget_type=\"text-editor.default\">\n\t\t\t\t<div class=\"elementor-widget-container\">\n\t\t\t\t\t\t\t\t\t<p>Ahora que ya conoces mejor el estilo flamenco, es el momento de seleccionar tu atuendo para bailar Flamenco. Aqu\u00ed tienes informaci\u00f3n sobre qu\u00e9 ropa ponerte para bailar Flamenco:<\/p><ul><li><strong>V\u00edstete para impresionar:<\/strong> los espect\u00e1culos de Flamenco a menudo se llevan a cabo en lugares exclusivos, por lo que se recomienda vestirse elegantemente. Para las mujeres, considera un vestido elegante o una combinaci\u00f3n de blusa y falda. Los hombres pueden optar por un traje o un pantal\u00f3n elegante y una camisa abotonada.<\/li><li><strong>Adopta el color:<\/strong> si bien no tiene que usar los mismos colores vibrantes que los artistas. Te puedes sentir c\u00f3modo agregando un toque de color a su atuendo. Un accesorio audaz, como un collar llamativo o una bufanda colorida, puede hacer que tu conjunto se destaque.<\/li><li><strong>La comodidad es clave:<\/strong> los espect\u00e1culos de flamenco pueden durar un par de horas, as\u00ed que aseg\u00farate de llevar calzado c\u00f3modo. Para las mujeres, considere zapatos de tac\u00f3n bajo o medio. Para los hombres, un par de zapatos de vestir deber\u00edan ser perfectos.<\/li><li><strong>Respeta el c\u00f3digo de vestimenta del local<\/strong>: Algunos locales de flamenco en Madrid pueden tener un c\u00f3digo de vestimenta espec\u00edfico. Es fundamental y recomendable comprobarlo previamente. En general, evite usar jeans, pantalones cortos o chanclas para un espect\u00e1culo de flamenco.<\/li><li><strong>En caso de duda, opta por la elegancia cl\u00e1sica:<\/strong> si no est\u00e1s seguro de qu\u00e9 ponerte para un espect\u00e1culo de flamenco en Madrid, no puedes equivocarte con un look cl\u00e1sico y elegante. Para las mujeres, un peque\u00f1o vestido negro con un accesorio colorido siempre es una combinaci\u00f3n ganadora. Para los hombres, un traje oscuro con una camisa blanca impecable es una apuesta segura.<\/li><\/ul>\t\t\t\t\t\t\t\t<\/div>\n\t\t\t\t<\/div>\n\t\t\t\t\t<\/div>\n\t\t<\/div>\n\t\t\t\t\t<\/div>\n\t\t<\/section>\n\t\t\t\t<section class=\"elementor-section elementor-top-section elementor-element elementor-element-d811651 elementor-section-boxed elementor-section-height-default elementor-section-height-default\" data-id=\"d811651\" data-element_type=\"section\" data-e-type=\"section\">\n\t\t\t\t\t\t<div class=\"elementor-container elementor-column-gap-default\">\n\t\t\t\t\t<div class=\"elementor-column elementor-col-100 elementor-top-column elementor-element elementor-element-e245bc2\" data-id=\"e245bc2\" data-element_type=\"column\" data-e-type=\"column\">\n\t\t\t<div class=\"elementor-widget-wrap elementor-element-populated\">\n\t\t\t\t\t\t<div class=\"elementor-element elementor-element-b3a2d0f elementor-widget elementor-widget-heading\" data-id=\"b3a2d0f\" data-element_type=\"widget\" data-e-type=\"widget\" data-widget_type=\"heading.default\">\n\t\t\t\t<div class=\"elementor-widget-container\">\n\t\t\t\t\t<h2 class=\"elementor-heading-title elementor-size-default\">Donde ver show de flamenco en madrid<\/h2>\t\t\t\t<\/div>\n\t\t\t\t<\/div>\n\t\t\t\t<div class=\"elementor-element elementor-element-aecca53 elementor-widget elementor-widget-text-editor\" data-id=\"aecca53\" data-element_type=\"widget\" data-e-type=\"widget\" data-widget_type=\"text-editor.default\">\n\t\t\t\t<div class=\"elementor-widget-container\">\n\t\t\t\t\t\t\t\t\t<p>Con tu elegante atuendo listo, est\u00e1s listo para disfrutar del <a href=\"https:\/\/www.flamencoshow.madrid\/es\/\"><strong>show de flamenco en Madrid<\/strong><\/a>. La actuaci\u00f3n cautivadora, la m\u00fasica apasionada y su atuendo bien elegido har\u00e1n que la experiencia cultural sea inolvidable. \u00a1As\u00ed que sum\u00e9rgete en el mundo del flamenco, lee <a href=\"https:\/\/www.flamencoshow.madrid\/es\/blogs\/\"><strong>nuestro blog<\/strong><\/a> y crea recuerdos para toda la vida!<\/p>\t\t\t\t\t\t\t\t<\/div>\n\t\t\t\t<\/div>\n\t\t\t\t\t<\/div>\n\t\t<\/div>\n\t\t\t\t\t<\/div>\n\t\t<\/section>\n\t\t\t\t<\/div>\n\t\t","protected":false},"excerpt":{"rendered":"<p>Que vestimenta usar para bailar Flamenco \u00a1A la hora de planificar la vestimenta a usar para bailar Flamenco, es imprescindible hacerlo adecuadamente! La pasi\u00f3n y la energ\u00eda de esta forma de arte tradicional espa\u00f1ola va de la mano con la vestimenta. Pero, \u00bfqu\u00e9 vestir para bailar flamenco? Esta gu\u00eda te ayudar\u00e1 a seleccionar el outfit [&hellip;]<\/p>\n","protected":false},"author":1,"featured_media":1587,"comment_status":"closed","ping_status":"closed","sticky":false,"template":"","format":"standard","meta":{"site-sidebar-layout":"default","site-content-layout":"","ast-site-content-layout":"default","site-content-style":"default","site-sidebar-style":"default","ast-global-header-display":"","ast-banner-title-visibility":"","ast-main-header-display":"","ast-hfb-above-header-display":"","ast-hfb-below-header-display":"","ast-hfb-mobile-header-display":"","site-post-title":"disabled","ast-breadcrumbs-content":"","ast-featured-img":"disabled","footer-sml-layout":"","ast-disable-related-posts":"","theme-transparent-header-meta":"","adv-header-id-meta":"","stick-header-meta":"","header-above-stick-meta":"","header-main-stick-meta":"","header-below-stick-meta":"","astra-migrate-meta-layouts":"set","ast-page-background-enabled":"default","ast-page-background-meta":{"desktop":{"background-color":"","background-image":"","background-repeat":"repeat","background-position":"center center","background-size":"auto","background-attachment":"scroll","background-type":"","background-media":"","overlay-type":"","overlay-color":"","overlay-opacity":"","overlay-gradient":""},"tablet":{"background-color":"","background-image":"","background-repeat":"repeat","background-position":"center center","background-size":"auto","background-attachment":"scroll","background-type":"","background-media":"","overlay-type":"","overlay-color":"","overlay-opacity":"","overlay-gradient":""},"mobile":{"background-color":"","background-image":"","background-repeat":"repeat","background-position":"center center","background-size":"auto","background-attachment":"scroll","background-type":"","background-media":"","overlay-type":"","overlay-color":"","overlay-opacity":"","overlay-gradient":""}},"ast-content-background-meta":{"desktop":{"background-color":"var(--ast-global-color-5)","background-image":"","background-repeat":"repeat","background-position":"center center","background-size":"auto","background-attachment":"scroll","background-type":"","background-media":"","overlay-type":"","overlay-color":"","overlay-opacity":"","overlay-gradient":""},"tablet":{"background-color":"var(--ast-global-color-5)","background-image":"","background-repeat":"repeat","background-position":"center center","background-size":"auto","background-attachment":"scroll","background-type":"","background-media":"","overlay-type":"","overlay-color":"","overlay-opacity":"","overlay-gradient":""},"mobile":{"background-color":"var(--ast-global-color-5)","background-image":"","background-repeat":"repeat","background-position":"center center","background-size":"auto","background-attachment":"scroll","background-type":"","background-media":"","overlay-type":"","overlay-color":"","overlay-opacity":"","overlay-gradient":""}},"footnotes":""},"categories":[43],"tags":[],"class_list":["post-1584","post","type-post","status-publish","format-standard","has-post-thumbnail","hentry","category-blog-es"],"yoast_head":"<!-- This site is optimized with the Yoast SEO Premium plugin v26.7 (Yoast SEO v27.5) - https:\/\/yoast.com\/product\/yoast-seo-premium-wordpress\/ -->\n<title>Vestimenta Para Bailar Flamenco<\/title>\n<meta name=\"description\" content=\"Cu\u00e1l es la vestimenta para bailar Flamenco. Aprende sobre el traje tradicional y qu\u00e9 llevar en un espect\u00e1culo flamenco en\u2026\" \/>\n<meta name=\"robots\" content=\"index, follow, max-snippet:-1, max-image-preview:large, max-video-preview:-1\" \/>\n<link rel=\"canonical\" href=\"https:\/\/www.flamencoshow.madrid\/es\/blogs\/vestimenta-para-bailar-flamenco\/\" \/>\n<meta property=\"og:locale\" content=\"es_ES\" \/>\n<meta property=\"og:type\" content=\"article\" \/>\n<meta property=\"og:title\" content=\"vestimenta para bailar Flamenco\" \/>\n<meta property=\"og:description\" content=\"Cu\u00e1l es la vestimenta para bailar Flamenco. Aprende sobre el traje tradicional y qu\u00e9 llevar en un espect\u00e1culo flamenco en\u2026\" \/>\n<meta property=\"og:url\" content=\"https:\/\/www.flamencoshow.madrid\/es\/blogs\/vestimenta-para-bailar-flamenco\/\" \/>\n<meta property=\"og:site_name\" content=\"Flamenco Show Madrid\" \/>\n<meta property=\"article:published_time\" content=\"2023-04-22T11:36:13+00:00\" \/>\n<meta property=\"article:modified_time\" content=\"2026-01-21T17:36:48+00:00\" \/>\n<meta property=\"og:image\" content=\"https:\/\/www.flamencoshow.madrid\/wp-content\/uploads\/2023\/04\/what-to-wear-1-1024x509.png\" \/>\n\t<meta property=\"og:image:width\" content=\"1024\" \/>\n\t<meta property=\"og:image:height\" content=\"509\" \/>\n\t<meta property=\"og:image:type\" content=\"image\/png\" \/>\n<meta name=\"author\" content=\"admin\" \/>\n<meta name=\"twitter:card\" content=\"summary_large_image\" \/>\n<meta name=\"twitter:label1\" content=\"Escrito por\" \/>\n\t<meta name=\"twitter:data1\" content=\"\" \/>\n\t<meta name=\"twitter:label2\" content=\"Tiempo de lectura\" \/>\n\t<meta name=\"twitter:data2\" content=\"3 minutos\" \/>\n<script type=\"application\/ld+json\" class=\"yoast-schema-graph\">{\"@context\":\"https:\\\/\\\/schema.org\",\"@graph\":[{\"@type\":\"Article\",\"@id\":\"https:\\\/\\\/www.flamencoshow.madrid\\\/es\\\/blogs\\\/vestimenta-para-bailar-flamenco\\\/#article\",\"isPartOf\":{\"@id\":\"https:\\\/\\\/www.flamencoshow.madrid\\\/es\\\/blogs\\\/vestimenta-para-bailar-flamenco\\\/\"},\"author\":{\"name\":\"admin\",\"@id\":\"https:\\\/\\\/www.flamencoshow.madrid\\\/es\\\/#\\\/schema\\\/person\\\/6c1a3fd8252bb6332df31eb5d47f89bf\"},\"headline\":\"vestimenta para bailar Flamenco\",\"datePublished\":\"2023-04-22T11:36:13+00:00\",\"dateModified\":\"2026-01-21T17:36:48+00:00\",\"mainEntityOfPage\":{\"@id\":\"https:\\\/\\\/www.flamencoshow.madrid\\\/es\\\/blogs\\\/vestimenta-para-bailar-flamenco\\\/\"},\"wordCount\":581,\"publisher\":{\"@id\":\"https:\\\/\\\/www.flamencoshow.madrid\\\/es\\\/#organization\"},\"image\":{\"@id\":\"https:\\\/\\\/www.flamencoshow.madrid\\\/es\\\/blogs\\\/vestimenta-para-bailar-flamenco\\\/#primaryimage\"},\"thumbnailUrl\":\"https:\\\/\\\/www.flamencoshow.madrid\\\/wp-content\\\/uploads\\\/2023\\\/04\\\/what-to-wear-1.png\",\"articleSection\":[\"blog\"],\"inLanguage\":\"es\"},{\"@type\":\"WebPage\",\"@id\":\"https:\\\/\\\/www.flamencoshow.madrid\\\/es\\\/blogs\\\/vestimenta-para-bailar-flamenco\\\/\",\"url\":\"https:\\\/\\\/www.flamencoshow.madrid\\\/es\\\/blogs\\\/vestimenta-para-bailar-flamenco\\\/\",\"name\":\"Vestimenta Para Bailar Flamenco\",\"isPartOf\":{\"@id\":\"https:\\\/\\\/www.flamencoshow.madrid\\\/es\\\/#website\"},\"primaryImageOfPage\":{\"@id\":\"https:\\\/\\\/www.flamencoshow.madrid\\\/es\\\/blogs\\\/vestimenta-para-bailar-flamenco\\\/#primaryimage\"},\"image\":{\"@id\":\"https:\\\/\\\/www.flamencoshow.madrid\\\/es\\\/blogs\\\/vestimenta-para-bailar-flamenco\\\/#primaryimage\"},\"thumbnailUrl\":\"https:\\\/\\\/www.flamencoshow.madrid\\\/wp-content\\\/uploads\\\/2023\\\/04\\\/what-to-wear-1.png\",\"datePublished\":\"2023-04-22T11:36:13+00:00\",\"dateModified\":\"2026-01-21T17:36:48+00:00\",\"description\":\"Cu\u00e1l es la vestimenta para bailar Flamenco. Aprende sobre el traje tradicional y qu\u00e9 llevar en un espect\u00e1culo flamenco en\u2026\",\"breadcrumb\":{\"@id\":\"https:\\\/\\\/www.flamencoshow.madrid\\\/es\\\/blogs\\\/vestimenta-para-bailar-flamenco\\\/#breadcrumb\"},\"inLanguage\":\"es\",\"potentialAction\":[{\"@type\":\"ReadAction\",\"target\":[\"https:\\\/\\\/www.flamencoshow.madrid\\\/es\\\/blogs\\\/vestimenta-para-bailar-flamenco\\\/\"]}]},{\"@type\":\"ImageObject\",\"inLanguage\":\"es\",\"@id\":\"https:\\\/\\\/www.flamencoshow.madrid\\\/es\\\/blogs\\\/vestimenta-para-bailar-flamenco\\\/#primaryimage\",\"url\":\"https:\\\/\\\/www.flamencoshow.madrid\\\/wp-content\\\/uploads\\\/2023\\\/04\\\/what-to-wear-1.png\",\"contentUrl\":\"https:\\\/\\\/www.flamencoshow.madrid\\\/wp-content\\\/uploads\\\/2023\\\/04\\\/what-to-wear-1.png\",\"width\":1578,\"height\":785,\"caption\":\"vestimenta para bailar flamenco\"},{\"@type\":\"BreadcrumbList\",\"@id\":\"https:\\\/\\\/www.flamencoshow.madrid\\\/es\\\/blogs\\\/vestimenta-para-bailar-flamenco\\\/#breadcrumb\",\"itemListElement\":[{\"@type\":\"ListItem\",\"position\":1,\"name\":\"Portada\",\"item\":\"https:\\\/\\\/www.flamencoshow.madrid\\\/es\\\/\"},{\"@type\":\"ListItem\",\"position\":2,\"name\":\"vestimenta para bailar Flamenco\"}]},{\"@type\":\"WebSite\",\"@id\":\"https:\\\/\\\/www.flamencoshow.madrid\\\/es\\\/#website\",\"url\":\"https:\\\/\\\/www.flamencoshow.madrid\\\/es\\\/\",\"name\":\"Flamenco Show Madrid\",\"description\":\"Best Flamenco Show in Madrid\",\"publisher\":{\"@id\":\"https:\\\/\\\/www.flamencoshow.madrid\\\/es\\\/#organization\"},\"potentialAction\":[{\"@type\":\"SearchAction\",\"target\":{\"@type\":\"EntryPoint\",\"urlTemplate\":\"https:\\\/\\\/www.flamencoshow.madrid\\\/es\\\/?s={search_term_string}\"},\"query-input\":{\"@type\":\"PropertyValueSpecification\",\"valueRequired\":true,\"valueName\":\"search_term_string\"}}],\"inLanguage\":\"es\"},{\"@type\":\"Organization\",\"@id\":\"https:\\\/\\\/www.flamencoshow.madrid\\\/es\\\/#organization\",\"name\":\"Flamenco Show Madrid\",\"url\":\"https:\\\/\\\/www.flamencoshow.madrid\\\/es\\\/\",\"logo\":{\"@type\":\"ImageObject\",\"inLanguage\":\"es\",\"@id\":\"https:\\\/\\\/www.flamencoshow.madrid\\\/es\\\/#\\\/schema\\\/logo\\\/image\\\/\",\"url\":\"https:\\\/\\\/www.flamencoshow.madrid\\\/wp-content\\\/uploads\\\/2025\\\/09\\\/flamenco-show-low-resolution-logo-color-on-transparent-background.png\",\"contentUrl\":\"https:\\\/\\\/www.flamencoshow.madrid\\\/wp-content\\\/uploads\\\/2025\\\/09\\\/flamenco-show-low-resolution-logo-color-on-transparent-background.png\",\"width\":1000,\"height\":318,\"caption\":\"Flamenco Show Madrid\"},\"image\":{\"@id\":\"https:\\\/\\\/www.flamencoshow.madrid\\\/es\\\/#\\\/schema\\\/logo\\\/image\\\/\"}},{\"@type\":\"Person\",\"@id\":\"https:\\\/\\\/www.flamencoshow.madrid\\\/es\\\/#\\\/schema\\\/person\\\/6c1a3fd8252bb6332df31eb5d47f89bf\",\"name\":\"admin\",\"image\":{\"@type\":\"ImageObject\",\"inLanguage\":\"es\",\"@id\":\"https:\\\/\\\/secure.gravatar.com\\\/avatar\\\/496c484d359f4b5cc04df6d7c3c5cb4c6606ffba58b9a69500013652e36ae1c6?s=96&d=mm&r=g\",\"url\":\"https:\\\/\\\/secure.gravatar.com\\\/avatar\\\/496c484d359f4b5cc04df6d7c3c5cb4c6606ffba58b9a69500013652e36ae1c6?s=96&d=mm&r=g\",\"contentUrl\":\"https:\\\/\\\/secure.gravatar.com\\\/avatar\\\/496c484d359f4b5cc04df6d7c3c5cb4c6606ffba58b9a69500013652e36ae1c6?s=96&d=mm&r=g\",\"caption\":\"admin\"},\"sameAs\":[\"https:\\\/\\\/www.flamencoshow.madrid\"]}]}<\/script>\n<!-- \/ Yoast SEO Premium plugin. -->","yoast_head_json":{"title":"Vestimenta Para Bailar Flamenco","description":"Cu\u00e1l es la vestimenta para bailar Flamenco. Aprende sobre el traje tradicional y qu\u00e9 llevar en un espect\u00e1culo flamenco en\u2026","robots":{"index":"index","follow":"follow","max-snippet":"max-snippet:-1","max-image-preview":"max-image-preview:large","max-video-preview":"max-video-preview:-1"},"canonical":"https:\/\/www.flamencoshow.madrid\/es\/blogs\/vestimenta-para-bailar-flamenco\/","og_locale":"es_ES","og_type":"article","og_title":"vestimenta para bailar Flamenco","og_description":"Cu\u00e1l es la vestimenta para bailar Flamenco. Aprende sobre el traje tradicional y qu\u00e9 llevar en un espect\u00e1culo flamenco en\u2026","og_url":"https:\/\/www.flamencoshow.madrid\/es\/blogs\/vestimenta-para-bailar-flamenco\/","og_site_name":"Flamenco Show Madrid","article_published_time":"2023-04-22T11:36:13+00:00","article_modified_time":"2026-01-21T17:36:48+00:00","og_image":[{"width":1024,"height":509,"url":"https:\/\/www.flamencoshow.madrid\/wp-content\/uploads\/2023\/04\/what-to-wear-1-1024x509.png","type":"image\/png"}],"author":"admin","twitter_card":"summary_large_image","twitter_misc":{"Escrito por":false,"Tiempo de lectura":"3 minutos"},"schema":{"@context":"https:\/\/schema.org","@graph":[{"@type":"Article","@id":"https:\/\/www.flamencoshow.madrid\/es\/blogs\/vestimenta-para-bailar-flamenco\/#article","isPartOf":{"@id":"https:\/\/www.flamencoshow.madrid\/es\/blogs\/vestimenta-para-bailar-flamenco\/"},"author":{"name":"admin","@id":"https:\/\/www.flamencoshow.madrid\/es\/#\/schema\/person\/6c1a3fd8252bb6332df31eb5d47f89bf"},"headline":"vestimenta para bailar Flamenco","datePublished":"2023-04-22T11:36:13+00:00","dateModified":"2026-01-21T17:36:48+00:00","mainEntityOfPage":{"@id":"https:\/\/www.flamencoshow.madrid\/es\/blogs\/vestimenta-para-bailar-flamenco\/"},"wordCount":581,"publisher":{"@id":"https:\/\/www.flamencoshow.madrid\/es\/#organization"},"image":{"@id":"https:\/\/www.flamencoshow.madrid\/es\/blogs\/vestimenta-para-bailar-flamenco\/#primaryimage"},"thumbnailUrl":"https:\/\/www.flamencoshow.madrid\/wp-content\/uploads\/2023\/04\/what-to-wear-1.png","articleSection":["blog"],"inLanguage":"es"},{"@type":"WebPage","@id":"https:\/\/www.flamencoshow.madrid\/es\/blogs\/vestimenta-para-bailar-flamenco\/","url":"https:\/\/www.flamencoshow.madrid\/es\/blogs\/vestimenta-para-bailar-flamenco\/","name":"Vestimenta Para Bailar Flamenco","isPartOf":{"@id":"https:\/\/www.flamencoshow.madrid\/es\/#website"},"primaryImageOfPage":{"@id":"https:\/\/www.flamencoshow.madrid\/es\/blogs\/vestimenta-para-bailar-flamenco\/#primaryimage"},"image":{"@id":"https:\/\/www.flamencoshow.madrid\/es\/blogs\/vestimenta-para-bailar-flamenco\/#primaryimage"},"thumbnailUrl":"https:\/\/www.flamencoshow.madrid\/wp-content\/uploads\/2023\/04\/what-to-wear-1.png","datePublished":"2023-04-22T11:36:13+00:00","dateModified":"2026-01-21T17:36:48+00:00","description":"Cu\u00e1l es la vestimenta para bailar Flamenco. Aprende sobre el traje tradicional y qu\u00e9 llevar en un espect\u00e1culo flamenco en\u2026","breadcrumb":{"@id":"https:\/\/www.flamencoshow.madrid\/es\/blogs\/vestimenta-para-bailar-flamenco\/#breadcrumb"},"inLanguage":"es","potentialAction":[{"@type":"ReadAction","target":["https:\/\/www.flamencoshow.madrid\/es\/blogs\/vestimenta-para-bailar-flamenco\/"]}]},{"@type":"ImageObject","inLanguage":"es","@id":"https:\/\/www.flamencoshow.madrid\/es\/blogs\/vestimenta-para-bailar-flamenco\/#primaryimage","url":"https:\/\/www.flamencoshow.madrid\/wp-content\/uploads\/2023\/04\/what-to-wear-1.png","contentUrl":"https:\/\/www.flamencoshow.madrid\/wp-content\/uploads\/2023\/04\/what-to-wear-1.png","width":1578,"height":785,"caption":"vestimenta para bailar flamenco"},{"@type":"BreadcrumbList","@id":"https:\/\/www.flamencoshow.madrid\/es\/blogs\/vestimenta-para-bailar-flamenco\/#breadcrumb","itemListElement":[{"@type":"ListItem","position":1,"name":"Portada","item":"https:\/\/www.flamencoshow.madrid\/es\/"},{"@type":"ListItem","position":2,"name":"vestimenta para bailar Flamenco"}]},{"@type":"WebSite","@id":"https:\/\/www.flamencoshow.madrid\/es\/#website","url":"https:\/\/www.flamencoshow.madrid\/es\/","name":"Flamenco Show Madrid","description":"Best Flamenco Show in Madrid","publisher":{"@id":"https:\/\/www.flamencoshow.madrid\/es\/#organization"},"potentialAction":[{"@type":"SearchAction","target":{"@type":"EntryPoint","urlTemplate":"https:\/\/www.flamencoshow.madrid\/es\/?s={search_term_string}"},"query-input":{"@type":"PropertyValueSpecification","valueRequired":true,"valueName":"search_term_string"}}],"inLanguage":"es"},{"@type":"Organization","@id":"https:\/\/www.flamencoshow.madrid\/es\/#organization","name":"Flamenco Show Madrid","url":"https:\/\/www.flamencoshow.madrid\/es\/","logo":{"@type":"ImageObject","inLanguage":"es","@id":"https:\/\/www.flamencoshow.madrid\/es\/#\/schema\/logo\/image\/","url":"https:\/\/www.flamencoshow.madrid\/wp-content\/uploads\/2025\/09\/flamenco-show-low-resolution-logo-color-on-transparent-background.png","contentUrl":"https:\/\/www.flamencoshow.madrid\/wp-content\/uploads\/2025\/09\/flamenco-show-low-resolution-logo-color-on-transparent-background.png","width":1000,"height":318,"caption":"Flamenco Show Madrid"},"image":{"@id":"https:\/\/www.flamencoshow.madrid\/es\/#\/schema\/logo\/image\/"}},{"@type":"Person","@id":"https:\/\/www.flamencoshow.madrid\/es\/#\/schema\/person\/6c1a3fd8252bb6332df31eb5d47f89bf","name":"admin","image":{"@type":"ImageObject","inLanguage":"es","@id":"https:\/\/secure.gravatar.com\/avatar\/496c484d359f4b5cc04df6d7c3c5cb4c6606ffba58b9a69500013652e36ae1c6?s=96&d=mm&r=g","url":"https:\/\/secure.gravatar.com\/avatar\/496c484d359f4b5cc04df6d7c3c5cb4c6606ffba58b9a69500013652e36ae1c6?s=96&d=mm&r=g","contentUrl":"https:\/\/secure.gravatar.com\/avatar\/496c484d359f4b5cc04df6d7c3c5cb4c6606ffba58b9a69500013652e36ae1c6?s=96&d=mm&r=g","caption":"admin"},"sameAs":["https:\/\/www.flamencoshow.madrid"]}]}},"jetpack_featured_media_url":"https:\/\/www.flamencoshow.madrid\/wp-content\/uploads\/2023\/04\/what-to-wear-1.png","_links":{"self":[{"href":"https:\/\/www.flamencoshow.madrid\/es\/wp-json\/wp\/v2\/posts\/1584","targetHints":{"allow":["GET"]}}],"collection":[{"href":"https:\/\/www.flamencoshow.madrid\/es\/wp-json\/wp\/v2\/posts"}],"about":[{"href":"https:\/\/www.flamencoshow.madrid\/es\/wp-json\/wp\/v2\/types\/post"}],"author":[{"embeddable":true,"href":"https:\/\/www.flamencoshow.madrid\/es\/wp-json\/wp\/v2\/users\/1"}],"replies":[{"embeddable":true,"href":"https:\/\/www.flamencoshow.madrid\/es\/wp-json\/wp\/v2\/comments?post=1584"}],"version-history":[{"count":26,"href":"https:\/\/www.flamencoshow.madrid\/es\/wp-json\/wp\/v2\/posts\/1584\/revisions"}],"predecessor-version":[{"id":3540,"href":"https:\/\/www.flamencoshow.madrid\/es\/wp-json\/wp\/v2\/posts\/1584\/revisions\/3540"}],"wp:featuredmedia":[{"embeddable":true,"href":"https:\/\/www.flamencoshow.madrid\/es\/wp-json\/wp\/v2\/media\/1587"}],"wp:attachment":[{"href":"https:\/\/www.flamencoshow.madrid\/es\/wp-json\/wp\/v2\/media?parent=1584"}],"wp:term":[{"taxonomy":"category","embeddable":true,"href":"https:\/\/www.flamencoshow.madrid\/es\/wp-json\/wp\/v2\/categories?post=1584"},{"taxonomy":"post_tag","embeddable":true,"href":"https:\/\/www.flamencoshow.madrid\/es\/wp-json\/wp\/v2\/tags?post=1584"}],"curies":[{"name":"wp","href":"https:\/\/api.w.org\/{rel}","templated":true}]}}